{"name": "Ag\u00eancia de Not\u00edcias dos Direitos da Inf\u00e2ncia", "created": {"type": "/type/datetime", "value": "2010-11-23T21:50:06.991671"}, "last_modified": {"type": "/type/datetime", "value": "2010-11-23T21:50:06.991671"}, "latest_revision": 1, "key": "/authors/OL6854618A", "type": {"key": "/type/author"}, "revision": 1}